{"id":371,"date":"2022-12-29T17:50:51","date_gmt":"2022-12-29T17:50:51","guid":{"rendered":"https:\/\/lallavepsi.net\/?p=371"},"modified":"2023-01-25T17:10:02","modified_gmt":"2023-01-25T17:10:02","slug":"pensar-sentir-hacer-y-ser","status":"publish","type":"post","link":"https:\/\/lallavepsi.net\/index.php\/2022\/12\/29\/pensar-sentir-hacer-y-ser\/","title":{"rendered":"Pensar, sentir, decir, hacer y Ser."},"content":{"rendered":"","protected":false},"excerpt":{"rendered":"","protected":false},"author":1,"featured_media":0,"comment_status":"open","ping_status":"open","sticky":false,"template":"","format":"image","meta":{"_monsterinsights_skip_tracking":false,"_monsterinsights_sitenote_active":false,"_monsterinsights_sitenote_note":"","_monsterinsights_sitenote_category":0,"_uf_show_specific_survey":0,"_uf_disable_surveys":false,"site-sidebar-layout":"default","site-content-layout":"default","ast-site-content-layout":"default","site-content-style":"default","site-sidebar-style":"default","ast-global-header-display":"","ast-banner-title-visibility":"","ast-main-header-display":"","ast-hfb-above-header-display":"","ast-hfb-below-header-display":"","ast-hfb-mobile-header-display":"","site-post-title":"","ast-breadcrumbs-content":"","ast-featured-img":"","footer-sml-layout":"","ast-disable-related-posts":"","theme-transparent-header-meta":"default","adv-header-id-meta":"","stick-header-meta":"","header-above-stick-meta":"","header-main-stick-meta":"","header-below-stick-meta":"","astra-migrate-meta-layouts":"default","ast-page-background-enabled":"default","ast-page-background-meta":{"desktop":{"background-color":"var(--ast-global-color-4)","background-image":"","background-repeat":"repeat","background-position":"center center","background-size":"auto","background-attachment":"scroll","background-type":"","background-media":"","overlay-type":"","overlay-color":"","overlay-opacity":"","overlay-gradient":""},"tablet":{"background-color":"","background-image":"","background-repeat":"repeat","background-position":"center center","background-size":"auto","background-attachment":"scroll","background-type":"","background-media":"","overlay-type":"","overlay-color":"","overlay-opacity":"","overlay-gradient":""},"mobile":{"background-color":"","background-image":"","background-repeat":"repeat","background-position":"center center","background-size":"auto","background-attachment":"scroll","background-type":"","background-media":"","overlay-type":"","overlay-color":"","overlay-opacity":"","overlay-gradient":""}},"ast-content-background-meta":{"desktop":{"background-color":"var(--ast-global-color-5)","background-image":"","background-repeat":"repeat","background-position":"center center","background-size":"auto","background-attachment":"scroll","background-type":"","background-media":"","overlay-type":"","overlay-color":"","overlay-opacity":"","overlay-gradient":""},"tablet":{"background-color":"var(--ast-global-color-5)","background-image":"","background-repeat":"repeat","background-position":"center center","background-size":"auto","background-attachment":"scroll","background-type":"","background-media":"","overlay-type":"","overlay-color":"","overlay-opacity":"","overlay-gradient":""},"mobile":{"background-color":"var(--ast-global-color-5)","background-image":"","background-repeat":"repeat","background-position":"center center","background-size":"auto","background-attachment":"scroll","background-type":"","background-media":"","overlay-type":"","overlay-color":"","overlay-opacity":"","overlay-gradient":""}},"footnotes":""},"categories":[1],"tags":[],"class_list":["post-371","post","type-post","status-publish","format-image","hentry","category-uncategorized","post_format-post-format-image"],"yoast_head":"<!-- This site is optimized with the Yoast SEO plugin v27.0 - https:\/\/yoast.com\/product\/yoast-seo-wordpress\/ -->\n<title>Pensar, sentir, decir, hacer y Ser. -<\/title>\n<meta name=\"robots\" content=\"index, follow, max-snippet:-1, max-image-preview:large, max-video-preview:-1\" \/>\n<link rel=\"canonical\" href=\"https:\/\/lallavepsi.net\/index.php\/2022\/12\/29\/pensar-sentir-hacer-y-ser\/\" \/>\n<meta property=\"og:locale\" content=\"es_ES\" \/>\n<meta property=\"og:type\" content=\"article\" \/>\n<meta property=\"og:title\" content=\"Pensar, sentir, decir, hacer y Ser. -\" \/>\n<meta property=\"og:url\" content=\"https:\/\/lallavepsi.net\/index.php\/2022\/12\/29\/pensar-sentir-hacer-y-ser\/\" \/>\n<meta property=\"article:author\" content=\"https:\/\/www.facebook.com\/lallavepsi\" \/>\n<meta property=\"article:published_time\" content=\"2022-12-29T17:50:51+00:00\" \/>\n<meta property=\"article:modified_time\" content=\"2023-01-25T17:10:02+00:00\" \/>\n<meta name=\"author\" content=\"Alejandro\" \/>\n<meta name=\"twitter:card\" content=\"summary_large_image\" \/>\n<meta name=\"twitter:creator\" content=\"@lallavepsi\" \/>\n<meta name=\"twitter:label1\" content=\"Escrito por\" \/>\n\t<meta name=\"twitter:data1\" content=\"Alejandro\" \/>\n<script type=\"application\/ld+json\" class=\"yoast-schema-graph\">{\"@context\":\"https:\/\/schema.org\",\"@graph\":[{\"@type\":\"Article\",\"@id\":\"https:\/\/lallavepsi.net\/index.php\/2022\/12\/29\/pensar-sentir-hacer-y-ser\/#article\",\"isPartOf\":{\"@id\":\"https:\/\/lallavepsi.net\/index.php\/2022\/12\/29\/pensar-sentir-hacer-y-ser\/\"},\"author\":{\"name\":\"Alejandro\",\"@id\":\"https:\/\/lallavepsi.net\/#\/schema\/person\/00c7beed83bebdf8647f84d68df98d2e\"},\"headline\":\"Pensar, sentir, decir, hacer y Ser.\",\"datePublished\":\"2022-12-29T17:50:51+00:00\",\"dateModified\":\"2023-01-25T17:10:02+00:00\",\"mainEntityOfPage\":{\"@id\":\"https:\/\/lallavepsi.net\/index.php\/2022\/12\/29\/pensar-sentir-hacer-y-ser\/\"},\"wordCount\":6,\"commentCount\":0,\"articleSection\":[\"Uncategorized\"],\"inLanguage\":\"es-AR\",\"potentialAction\":[{\"@type\":\"CommentAction\",\"name\":\"Comment\",\"target\":[\"https:\/\/lallavepsi.net\/index.php\/2022\/12\/29\/pensar-sentir-hacer-y-ser\/#respond\"]}]},{\"@type\":\"WebPage\",\"@id\":\"https:\/\/lallavepsi.net\/index.php\/2022\/12\/29\/pensar-sentir-hacer-y-ser\/\",\"url\":\"https:\/\/lallavepsi.net\/index.php\/2022\/12\/29\/pensar-sentir-hacer-y-ser\/\",\"name\":\"Pensar, sentir, decir, hacer y Ser. -\",\"isPartOf\":{\"@id\":\"https:\/\/lallavepsi.net\/#website\"},\"datePublished\":\"2022-12-29T17:50:51+00:00\",\"dateModified\":\"2023-01-25T17:10:02+00:00\",\"author\":{\"@id\":\"https:\/\/lallavepsi.net\/#\/schema\/person\/00c7beed83bebdf8647f84d68df98d2e\"},\"breadcrumb\":{\"@id\":\"https:\/\/lallavepsi.net\/index.php\/2022\/12\/29\/pensar-sentir-hacer-y-ser\/#breadcrumb\"},\"inLanguage\":\"es-AR\",\"potentialAction\":[{\"@type\":\"ReadAction\",\"target\":[\"https:\/\/lallavepsi.net\/index.php\/2022\/12\/29\/pensar-sentir-hacer-y-ser\/\"]}]},{\"@type\":\"BreadcrumbList\",\"@id\":\"https:\/\/lallavepsi.net\/index.php\/2022\/12\/29\/pensar-sentir-hacer-y-ser\/#breadcrumb\",\"itemListElement\":[{\"@type\":\"ListItem\",\"position\":1,\"name\":\"Inicio\",\"item\":\"https:\/\/lallavepsi.net\/\"},{\"@type\":\"ListItem\",\"position\":2,\"name\":\"Pensar, sentir, decir, hacer y Ser.\"}]},{\"@type\":\"WebSite\",\"@id\":\"https:\/\/lallavepsi.net\/#website\",\"url\":\"https:\/\/lallavepsi.net\/\",\"name\":\"\",\"description\":\"\",\"potentialAction\":[{\"@type\":\"SearchAction\",\"target\":{\"@type\":\"EntryPoint\",\"urlTemplate\":\"https:\/\/lallavepsi.net\/?s={search_term_string}\"},\"query-input\":{\"@type\":\"PropertyValueSpecification\",\"valueRequired\":true,\"valueName\":\"search_term_string\"}}],\"inLanguage\":\"es-AR\"},{\"@type\":\"Person\",\"@id\":\"https:\/\/lallavepsi.net\/#\/schema\/person\/00c7beed83bebdf8647f84d68df98d2e\",\"name\":\"Alejandro\",\"image\":{\"@type\":\"ImageObject\",\"inLanguage\":\"es-AR\",\"@id\":\"https:\/\/lallavepsi.net\/#\/schema\/person\/image\/\",\"url\":\"https:\/\/secure.gravatar.com\/avatar\/74afbb8a48e0d59f3e5028f2e89f12974abccdebc59f69f83514204fbcd19839?s=96&d=mm&r=g\",\"contentUrl\":\"https:\/\/secure.gravatar.com\/avatar\/74afbb8a48e0d59f3e5028f2e89f12974abccdebc59f69f83514204fbcd19839?s=96&d=mm&r=g\",\"caption\":\"Alejandro\"},\"description\":\"Licenciado en Psicolog\u00eda con enfoque m\u00faltiple integrativo. Consultor Psicol\u00f3gico Sist\u00e9mico. Periodista. Escritor. Formador. Conductor. Emprendedor. Autor de \\\"Ecos de un viaje de amor en el tiempo\\\". Director del centro terap\u00e9utico \\\"La Llave Psi\\\".\",\"sameAs\":[\"https:\/\/lallavepsi.net\",\"https:\/\/www.facebook.com\/lallavepsi\",\"https:\/\/www.instagram.com\/lallavepsi\",\"https:\/\/www.linkedin.com\/in\/licenciado-counselor-alejandro-di-vagno\",\"https:\/\/x.com\/lallavepsi\",\"https:\/\/www.youtube.com\/channel\/UCjpwOk4dkOaPG_q53Si2rhA\"],\"url\":\"https:\/\/lallavepsi.net\/index.php\/author\/darjelling\/\"}]}<\/script>\n<!-- \/ Yoast SEO plugin. -->","yoast_head_json":{"title":"Pensar, sentir, decir, hacer y Ser. -","robots":{"index":"index","follow":"follow","max-snippet":"max-snippet:-1","max-image-preview":"max-image-preview:large","max-video-preview":"max-video-preview:-1"},"canonical":"https:\/\/lallavepsi.net\/index.php\/2022\/12\/29\/pensar-sentir-hacer-y-ser\/","og_locale":"es_ES","og_type":"article","og_title":"Pensar, sentir, decir, hacer y Ser. -","og_url":"https:\/\/lallavepsi.net\/index.php\/2022\/12\/29\/pensar-sentir-hacer-y-ser\/","article_author":"https:\/\/www.facebook.com\/lallavepsi","article_published_time":"2022-12-29T17:50:51+00:00","article_modified_time":"2023-01-25T17:10:02+00:00","author":"Alejandro","twitter_card":"summary_large_image","twitter_creator":"@lallavepsi","twitter_misc":{"Escrito por":"Alejandro"},"schema":{"@context":"https:\/\/schema.org","@graph":[{"@type":"Article","@id":"https:\/\/lallavepsi.net\/index.php\/2022\/12\/29\/pensar-sentir-hacer-y-ser\/#article","isPartOf":{"@id":"https:\/\/lallavepsi.net\/index.php\/2022\/12\/29\/pensar-sentir-hacer-y-ser\/"},"author":{"name":"Alejandro","@id":"https:\/\/lallavepsi.net\/#\/schema\/person\/00c7beed83bebdf8647f84d68df98d2e"},"headline":"Pensar, sentir, decir, hacer y Ser.","datePublished":"2022-12-29T17:50:51+00:00","dateModified":"2023-01-25T17:10:02+00:00","mainEntityOfPage":{"@id":"https:\/\/lallavepsi.net\/index.php\/2022\/12\/29\/pensar-sentir-hacer-y-ser\/"},"wordCount":6,"commentCount":0,"articleSection":["Uncategorized"],"inLanguage":"es-AR","potentialAction":[{"@type":"CommentAction","name":"Comment","target":["https:\/\/lallavepsi.net\/index.php\/2022\/12\/29\/pensar-sentir-hacer-y-ser\/#respond"]}]},{"@type":"WebPage","@id":"https:\/\/lallavepsi.net\/index.php\/2022\/12\/29\/pensar-sentir-hacer-y-ser\/","url":"https:\/\/lallavepsi.net\/index.php\/2022\/12\/29\/pensar-sentir-hacer-y-ser\/","name":"Pensar, sentir, decir, hacer y Ser. -","isPartOf":{"@id":"https:\/\/lallavepsi.net\/#website"},"datePublished":"2022-12-29T17:50:51+00:00","dateModified":"2023-01-25T17:10:02+00:00","author":{"@id":"https:\/\/lallavepsi.net\/#\/schema\/person\/00c7beed83bebdf8647f84d68df98d2e"},"breadcrumb":{"@id":"https:\/\/lallavepsi.net\/index.php\/2022\/12\/29\/pensar-sentir-hacer-y-ser\/#breadcrumb"},"inLanguage":"es-AR","potentialAction":[{"@type":"ReadAction","target":["https:\/\/lallavepsi.net\/index.php\/2022\/12\/29\/pensar-sentir-hacer-y-ser\/"]}]},{"@type":"BreadcrumbList","@id":"https:\/\/lallavepsi.net\/index.php\/2022\/12\/29\/pensar-sentir-hacer-y-ser\/#breadcrumb","itemListElement":[{"@type":"ListItem","position":1,"name":"Inicio","item":"https:\/\/lallavepsi.net\/"},{"@type":"ListItem","position":2,"name":"Pensar, sentir, decir, hacer y Ser."}]},{"@type":"WebSite","@id":"https:\/\/lallavepsi.net\/#website","url":"https:\/\/lallavepsi.net\/","name":"","description":"","potentialAction":[{"@type":"SearchAction","target":{"@type":"EntryPoint","urlTemplate":"https:\/\/lallavepsi.net\/?s={search_term_string}"},"query-input":{"@type":"PropertyValueSpecification","valueRequired":true,"valueName":"search_term_string"}}],"inLanguage":"es-AR"},{"@type":"Person","@id":"https:\/\/lallavepsi.net\/#\/schema\/person\/00c7beed83bebdf8647f84d68df98d2e","name":"Alejandro","image":{"@type":"ImageObject","inLanguage":"es-AR","@id":"https:\/\/lallavepsi.net\/#\/schema\/person\/image\/","url":"https:\/\/secure.gravatar.com\/avatar\/74afbb8a48e0d59f3e5028f2e89f12974abccdebc59f69f83514204fbcd19839?s=96&d=mm&r=g","contentUrl":"https:\/\/secure.gravatar.com\/avatar\/74afbb8a48e0d59f3e5028f2e89f12974abccdebc59f69f83514204fbcd19839?s=96&d=mm&r=g","caption":"Alejandro"},"description":"Licenciado en Psicolog\u00eda con enfoque m\u00faltiple integrativo. Consultor Psicol\u00f3gico Sist\u00e9mico. Periodista. Escritor. Formador. Conductor. Emprendedor. Autor de \"Ecos de un viaje de amor en el tiempo\". Director del centro terap\u00e9utico \"La Llave Psi\".","sameAs":["https:\/\/lallavepsi.net","https:\/\/www.facebook.com\/lallavepsi","https:\/\/www.instagram.com\/lallavepsi","https:\/\/www.linkedin.com\/in\/licenciado-counselor-alejandro-di-vagno","https:\/\/x.com\/lallavepsi","https:\/\/www.youtube.com\/channel\/UCjpwOk4dkOaPG_q53Si2rhA"],"url":"https:\/\/lallavepsi.net\/index.php\/author\/darjelling\/"}]}},"_links":{"self":[{"href":"https:\/\/lallavepsi.net\/index.php\/wp-json\/wp\/v2\/posts\/371","targetHints":{"allow":["GET"]}}],"collection":[{"href":"https:\/\/lallavepsi.net\/index.php\/wp-json\/wp\/v2\/posts"}],"about":[{"href":"https:\/\/lallavepsi.net\/index.php\/wp-json\/wp\/v2\/types\/post"}],"author":[{"embeddable":true,"href":"https:\/\/lallavepsi.net\/index.php\/wp-json\/wp\/v2\/users\/1"}],"replies":[{"embeddable":true,"href":"https:\/\/lallavepsi.net\/index.php\/wp-json\/wp\/v2\/comments?post=371"}],"version-history":[{"count":2,"href":"https:\/\/lallavepsi.net\/index.php\/wp-json\/wp\/v2\/posts\/371\/revisions"}],"predecessor-version":[{"id":380,"href":"https:\/\/lallavepsi.net\/index.php\/wp-json\/wp\/v2\/posts\/371\/revisions\/380"}],"wp:attachment":[{"href":"https:\/\/lallavepsi.net\/index.php\/wp-json\/wp\/v2\/media?parent=371"}],"wp:term":[{"taxonomy":"category","embeddable":true,"href":"https:\/\/lallavepsi.net\/index.php\/wp-json\/wp\/v2\/categories?post=371"},{"taxonomy":"post_tag","embeddable":true,"href":"https:\/\/lallavepsi.net\/index.php\/wp-json\/wp\/v2\/tags?post=371"}],"curies":[{"name":"wp","href":"https:\/\/api.w.org\/{rel}","templated":true}]}}